{"id":55934,"date":"2026-04-27T16:34:04","date_gmt":"2026-04-27T14:34:04","guid":{"rendered":"https:\/\/iicstoccolma.esteri.it\/news\/dall_istituto\/2026\/04\/att-sla-rot-mostra-collettiva-a-fargfabriken\/"},"modified":"2026-04-27T16:35:19","modified_gmt":"2026-04-27T14:35:19","slug":"att-sla-rot-mostra-collettiva-a-fargfabriken","status":"publish","type":"post","link":"https:\/\/iicstoccolma.esteri.it\/sv\/news\/dall_istituto\/2026\/04\/att-sla-rot-mostra-collettiva-a-fargfabriken\/","title":{"rendered":"&#8221;Att sl\u00e5 rot&#8221; &#8211; Grupputst\u00e4llning p\u00e5 F\u00e4rgfabriken"},"content":{"rendered":"<div class=\"entry-content\">\n<p><strong>18 april &#8211; 18 juni<\/strong><\/p>\n<p>Den italienska konstn\u00e4ren Leone Contini deltar i grupputst\u00e4llningen\u00a0<strong><em>Att sl\u00e5 rot\u00a0<\/em><\/strong>p\u00e5\u00a0<strong>F\u00e4rgfabriken\u00a0<\/strong>tack vare ett st\u00f6d fr\u00e5n v\u00e5rt Institut.<\/p>\n<p>I\u00a0<strong><em>Att sl\u00e5 rot\u00a0<\/em><\/strong>deltar svenska och internationella konstn\u00e4rer som, med olika konstn\u00e4rliga formspr\u00e5k, utforskar fr\u00e5gor kring jord, migration, sorg och inte minst omsorg. Genom samtida konstn\u00e4rliga praktiker unders\u00f6ks hur m\u00e4nniskor, v\u00e4xter, id\u00e9er och kulturer sl\u00e5r rot \u2013 i jord, i minne, i spr\u00e5k och i nya territorier.<\/p>\n<p>I utst\u00e4llningen m\u00f6ts konstn\u00e4rer som behandlar b\u00e5de den kroppsliga och metaforiska handlingen att rota sig \u2013 hur man knyter an till en plats, fr\u00e5n migranters f\u00f6rs\u00f6k att finna en ny hemvist till ekologiska perspektiv om fr\u00f6er, jordm\u00e5ner, tr\u00e4d som hotas och f\u00f6ruts\u00e4ttningar f\u00f6r att kunna sl\u00e5 rot.<\/p>\n<p>F\u00f6r mer information, v\u00e4nligen bes\u00f6k\u00a0<a href=\"https:\/\/fargfabriken.se\/en\/pa-gang\/taking-root\/\">F\u00e4rgfabrikens hemsida<\/a>.<\/p>\n<\/div>\n<footer class=\"entry-footer\">\n<div class=\"col-12 c-line neutral-1-bg-a1 rounded\"><strong>Leone Contini<\/strong>\u00a0(f. 1976) arbetar genom flera medier, d\u00e4ribland performance-f\u00f6rel\u00e4sningar, installationer, text, teckning och kollektiva interventioner i offentliga rum. Continis forskning och konstn\u00e4rskap r\u00f6r sig i sk\u00e4rningspunkten mellan antropologi, estetik och politik. Inom dessa f\u00e4lt fokuserar han p\u00e5 interkulturella konflikter, maktdynamik, migrationer och diasporor \u2013 hur dessa fenomen p\u00e5verkar den antropologiska kontexten samt de botaniska landskap p\u00e5 de platser d\u00e4r han g\u00f6r f\u00e4ltarbeten. Genom att samla in och experimentera med fr\u00f6n, jord och ber\u00e4ttelser unders\u00f6ker Contini olika arters migrationer, samexistens och historier.<\/div>\n<\/footer>\n","protected":false},"excerpt":{"rendered":"18 april &#8211; 18 juni Den italienska konstn\u00e4ren Leone Contini deltar i grupputst\u00e4llningen\u00a0Att sl\u00e5 rot\u00a0p\u00e5\u00a0F\u00e4rgfabriken\u00a0tack vare ett st\u00f6d fr\u00e5n v\u00e5rt Institut. I\u00a0Att sl\u00e5 rot\u00a0deltar svenska och internationella konstn\u00e4rer som, med olika konstn\u00e4rliga formspr\u00e5k, utforskar fr\u00e5gor kring jord, migration, sorg och inte minst omsorg. Genom samtida konstn\u00e4rliga praktiker unders\u00f6ks hur m\u00e4nniskor, v\u00e4xter, id\u00e9er och kulturer sl\u00e5r [&hellip;]","protected":false},"author":8,"featured_media":54964,"comment_status":"closed","ping_status":"closed","sticky":false,"template":"","format":"standard","meta":{"footnotes":""},"tags":[],"class_list":["post-55934","post","type-post","status-publish","format-standard","has-post-thumbnail","hentry"],"_links":{"self":[{"href":"https:\/\/iicstoccolma.esteri.it\/sv\/wp-json\/wp\/v2\/posts\/55934","targetHints":{"allow":["GET"]}}],"collection":[{"href":"https:\/\/iicstoccolma.esteri.it\/sv\/wp-json\/wp\/v2\/posts"}],"about":[{"href":"https:\/\/iicstoccolma.esteri.it\/sv\/wp-json\/wp\/v2\/types\/post"}],"author":[{"embeddable":true,"href":"https:\/\/iicstoccolma.esteri.it\/sv\/wp-json\/wp\/v2\/users\/8"}],"replies":[{"embeddable":true,"href":"https:\/\/iicstoccolma.esteri.it\/sv\/wp-json\/wp\/v2\/comments?post=55934"}],"version-history":[{"count":1,"href":"https:\/\/iicstoccolma.esteri.it\/sv\/wp-json\/wp\/v2\/posts\/55934\/revisions"}],"predecessor-version":[{"id":55935,"href":"https:\/\/iicstoccolma.esteri.it\/sv\/wp-json\/wp\/v2\/posts\/55934\/revisions\/55935"}],"wp:featuredmedia":[{"embeddable":true,"href":"https:\/\/iicstoccolma.esteri.it\/sv\/wp-json\/wp\/v2\/media\/54964"}],"wp:attachment":[{"href":"https:\/\/iicstoccolma.esteri.it\/sv\/wp-json\/wp\/v2\/media?parent=55934"}],"wp:term":[{"taxonomy":"post_tag","embeddable":true,"href":"https:\/\/iicstoccolma.esteri.it\/sv\/wp-json\/wp\/v2\/tags?post=55934"}],"curies":[{"name":"wp","href":"https:\/\/api.w.org\/{rel}","templated":true}]}}