{"id":51594,"date":"2025-12-02T10:55:30","date_gmt":"2025-12-02T09:55:30","guid":{"rendered":"https:\/\/iicstoccolma.esteri.it\/news\/dall_istituto\/2025\/12\/opere-prime-ciclo-cinematografico-a-cura-di-giulio-sangiorgio\/"},"modified":"2026-02-04T11:37:28","modified_gmt":"2026-02-04T10:37:28","slug":"opere-prime-ciclo-cinematografico-a-cura-di-giulio-sangiorgio","status":"publish","type":"post","link":"https:\/\/iicstoccolma.esteri.it\/sv\/news\/dall_istituto\/2025\/12\/opere-prime-ciclo-cinematografico-a-cura-di-giulio-sangiorgio\/","title":{"rendered":"Nya r\u00f6ster inom italiensk film \u2013 filmcykel curerad av Giulio Sangiorgio"},"content":{"rendered":"<p>Under v\u00e5ren 2026 presenterar vi en filmcykel till\u00e4gnad <strong>debutfilmer fr\u00e5n nya r\u00f6ster inom italiensk film<\/strong>, curerad av <strong>Giulio Sangiorgio<\/strong>, journalist och filmkritiker p\u00e5 tidskriften Film TV.<\/p>\n<p>Filmerna i cykeln presenterades p\u00e5 Concorso Italiano \u2013 Opere Prime p\u00e5 <a href=\"http:\/\/www.baff.it\">Busto Arsizio Film Festival 2025<\/a>. De representerar nya riktningar i den italienska filmen, med ett starkt fokus p\u00e5 samtida identitet, marginalitet, uppv\u00e4xt och fragilitet. Genom att studera regiss\u00f6rernas f\u00f6rsta steg kan man utforska ett estetiskt spr\u00e5k, en gnista av passion, en talangs skapande och b\u00f6rjan p\u00e5 en resa som leder mot en kreativ full\u00e4ndlighet.<\/p>\n<p>Filmerna kommer att visas b\u00e5de i Stockholm och i G\u00f6teborg, tack vare ett samarbete mellan\u00a0La casa degli italiani &#8211; Italienska f\u00f6reningen och v\u00e5rt Institut.<\/p>\n<p>Filmerna som visas p\u00e5 Italienska Kulturinstitutet i Stockhom:<\/p>\n<p>Torsdag 29 januari, kl. 18 \u2013 <a href=\"https:\/\/iicstoccolma.esteri.it\/sv\/gli_eventi\/calendario\/anywhere-anytime-opere-prime\/\"><strong><em>Anywhere Anytime<\/em><\/strong><\/a> av<strong> Milad Tangshir<\/strong><\/p>\n<p>Onsdag 25 februari, kl.18 \u2013 <a href=\"https:\/\/iicstoccolma.esteri.it\/sv\/gli_eventi\/calendario\/ciao-bambino-opere-prime\/\"><strong><em>Ciao bambino<\/em><\/strong><\/a> av<strong> Edgardo Pistone<\/strong><\/p>\n<p>Tisdag 31 mars, kl.18 \u2013 <a href=\"https:\/\/iicstoccolma.esteri.it\/sv\/gli_eventi\/calendario\/diciannove-opere-prime\/\"><strong><em>Diciannove<\/em><\/strong><\/a> av<strong> Giovanni Tortorici<\/strong><\/p>\n<p>Tisdag 14 april, kl.18 \u2013 <a href=\"https:\/\/iicstoccolma.esteri.it\/sv\/gli_eventi\/calendario\/lincidente-opere-prime\/\"><strong><em>L\u2019incidente<\/em><\/strong><\/a> av<strong> Giuseppe Garau<\/strong><\/p>\n<p>Tisdag 26 maj, kl.18 \u2013 <a href=\"https:\/\/iicstoccolma.esteri.it\/sv\/gli_eventi\/calendario\/quasi-a-casa-opere-prime\/\"><strong><em>Quasi a casa<\/em><\/strong><\/a> av<strong> Carolina Pavone<\/strong><\/p>\n<p>&nbsp;<\/p>\n<p>Filmerna som visas p\u00e5 Bio Capitol i G\u00f6teborg:<\/p>\n<p>M\u00e5ndag 23 februari, kl. 18 \u2013 <strong><em>Ciao bambino<\/em><\/strong> av<strong> Edgardo Pistone<\/strong><\/p>\n<p>M\u00e5ndag 30 mars, kl. 18 \u2013 <strong><em>Diciannove<\/em><\/strong> av<strong> Giovanni Tortorici<\/strong><\/p>\n<p>M\u00e5ndag 20 april, kl. 18 \u2013 <strong><em>L\u2019incidente<\/em><\/strong> av<strong> Giuseppe Garau<\/strong><\/p>\n<p>M\u00e5ndag 25 maj, kl. 18 \u2013 <strong><em>Quasi a casa<\/em><\/strong> av<strong> Carolina Pavone<\/strong><\/p>\n<p>&nbsp;<\/p>\n<p>Alla filmerna visas p\u00e5 italienska med engelsk textning.<\/p>\n<p>&nbsp;<\/p>\n<p><strong>Giulio Sangiorgio\u00a0<\/strong>(Lecco, 1984) \u00e4r en italiensk journalist och filmkritiker som bor och arbetar i Milan. Han \u00e4r direkt\u00f6r f\u00f6r veckotidningen Film Tv, till\u00e4gnad film, TV, musik och scenframtr\u00e4danden. Han \u00e4r med i kommitt\u00e9n f\u00f6r Milans Filmmaker Festival. Han \u00e4r \u00e4ven ledarmot i Sindacato Nazionale Critici Cinematografici Italiani och med i juryn f\u00f6r Film della critica. Han har varit redakt\u00f6r f\u00f6r monografier om Lav Diaz och Fran\u00e7ois Ozon.<\/p>\n","protected":false},"excerpt":{"rendered":"Under v\u00e5ren 2026 presenterar vi en filmcykel till\u00e4gnad debutfilmer fr\u00e5n nya r\u00f6ster inom italiensk film, curerad av Giulio Sangiorgio, journalist och filmkritiker p\u00e5 tidskriften Film TV. Filmerna i cykeln presenterades p\u00e5 Concorso Italiano \u2013 Opere Prime p\u00e5 Busto Arsizio Film Festival 2025. De representerar nya riktningar i den italienska filmen, med ett starkt fokus p\u00e5 [&hellip;]","protected":false},"author":8,"featured_media":51569,"comment_status":"closed","ping_status":"closed","sticky":false,"template":"","format":"standard","meta":{"footnotes":""},"tags":[],"class_list":["post-51594","post","type-post","status-publish","format-standard","has-post-thumbnail","hentry"],"_links":{"self":[{"href":"https:\/\/iicstoccolma.esteri.it\/sv\/wp-json\/wp\/v2\/posts\/51594","targetHints":{"allow":["GET"]}}],"collection":[{"href":"https:\/\/iicstoccolma.esteri.it\/sv\/wp-json\/wp\/v2\/posts"}],"about":[{"href":"https:\/\/iicstoccolma.esteri.it\/sv\/wp-json\/wp\/v2\/types\/post"}],"author":[{"embeddable":true,"href":"https:\/\/iicstoccolma.esteri.it\/sv\/wp-json\/wp\/v2\/users\/8"}],"replies":[{"embeddable":true,"href":"https:\/\/iicstoccolma.esteri.it\/sv\/wp-json\/wp\/v2\/comments?post=51594"}],"version-history":[{"count":5,"href":"https:\/\/iicstoccolma.esteri.it\/sv\/wp-json\/wp\/v2\/posts\/51594\/revisions"}],"predecessor-version":[{"id":53492,"href":"https:\/\/iicstoccolma.esteri.it\/sv\/wp-json\/wp\/v2\/posts\/51594\/revisions\/53492"}],"wp:featuredmedia":[{"embeddable":true,"href":"https:\/\/iicstoccolma.esteri.it\/sv\/wp-json\/wp\/v2\/media\/51569"}],"wp:attachment":[{"href":"https:\/\/iicstoccolma.esteri.it\/sv\/wp-json\/wp\/v2\/media?parent=51594"}],"wp:term":[{"taxonomy":"post_tag","embeddable":true,"href":"https:\/\/iicstoccolma.esteri.it\/sv\/wp-json\/wp\/v2\/tags?post=51594"}],"curies":[{"name":"wp","href":"https:\/\/api.w.org\/{rel}","templated":true}]}}