{"id":43822,"date":"2025-01-22T15:23:11","date_gmt":"2025-01-22T14:23:11","guid":{"rendered":"https:\/\/iicstoccolma.esteri.it\/?p=43822"},"modified":"2025-02-24T15:18:51","modified_gmt":"2025-02-24T14:18:51","slug":"retrospettiva-de-sica-a-filmhuset","status":"publish","type":"post","link":"https:\/\/iicstoccolma.esteri.it\/it\/news\/dall_istituto\/2025\/01\/retrospettiva-de-sica-a-filmhuset\/","title":{"rendered":"Retrospettiva De Sica a Filmhuset"},"content":{"rendered":"<p>L\u2019Istituto Italiano di Cultura di Stoccolma continua la sua collaborazione con\u00a0<a href=\"https:\/\/www.filminstitutet.se\/sv\/se-och-samtala-om-film\/cinemateket-stockholm\/\"><strong>Cinemateket<\/strong><\/a>\u00a0per portare sul grande schermo film dei pi\u00f9 noti e amati registi italiani. A partire da febbraio e fino ad aprile 2025 Bio Victor ospiter\u00e0 la retrospettiva su\u00a0<strong>Vittorio De Sica<\/strong>. Verranno inoltre organizzate delle proiezioni a G\u00f6teborg e a Malm\u00f6.<\/p>\n<p><strong>Vittorio De Sica<\/strong> (1901-1974) \u00e8 considerato uno dei registi pi\u00f9 importanti della storia del cinema, un protagonista del neorealismo italiano e quattro volte premiato agli Oscar. Da <em>Sciusci\u00e0 <\/em>e <em>Ladri di biciclette<\/em>, film neorealisti che raccontano un\u2019Italia distrutta dalla guerra con protagonisti interpretati da persone trovate per strada, a <em>Matrimonio all\u2019italiana <\/em>e <em>Ieri, oggi e domani<\/em>, classici esempi di Commedia all\u2019italiana con alcuni degli attori italiani pi\u00f9 famosi di sempre da Sophia Loren a Marcello Mastroianni, il talento e la creativit\u00e0 di De Sica non avevano limiti e i suoi film si sono per sempre iscritti nel canone del cinema non solo italiano, ma anche mondiale.<\/p>\n<p>&nbsp;<\/p>\n<p>Il programma completo \u00e8 consultabile qui di seguito:<\/p>\n<p><strong>Stoccolma<\/strong><\/p>\n<ul>\n<li>19 febbraio, ore 18 \u2013\u00a0<em>Ladri di biciclette<\/em>, introduzione del ciclo a cura di Tora Berg, curatrice a Cinemateket<\/li>\n<li>22 febbraio, ore 14 \u2013\u00a0<em>Sciusci\u00e0<\/em><\/li>\n<li>26 febbraio, ore 18 \u2013\u00a0<em>La ciociara<\/em><\/li>\n<li>12 marzo, ore 18 \u2013\u00a0<em>Matrimonio all\u2019italiana<\/em><\/li>\n<li>15 marzo, ore 14 \u2013\u00a0<em>Umberto D.<\/em><\/li>\n<li>19 marzo, ore 18 \u2013\u00a0<em>Ieri, oggi e domani<\/em><\/li>\n<li>29 marzo, ore 14 \u2013\u00a0<em>Il boom<\/em><\/li>\n<li>5 aprile, ore 14 \u2013 <em>Il giardino dei Finzi-Contini<\/em><\/li>\n<li>19 aprile, ore 14 \u2013\u00a0<em>Miracolo a Milano<\/em><\/li>\n<\/ul>\n<p>Per le proiezioni a Stoccolma, l\u2019Istituto offre biglietti gratis alle dieci prime persone che si prenotano attraverso il nostro sito.<\/p>\n<p>I biglietti per le proiezioni a Stoccolma sono acquistabili a questo <a href=\"https:\/\/www.filminstitutet.se\/sv\/se-och-samtala-om-film\/cinemateket-stockholm\/teman\/?serieId=2645&amp;cityId=1\">link<\/a>.<\/p>\n<p><strong>G\u00f6teborg<\/strong><\/p>\n<ul>\n<li>8 marzo, ore 14 &#8211;\u00a0<em>Sciusci\u00e0<\/em><\/li>\n<li>5 maggio, ore 14 &#8211;\u00a0<em>Miracolo a Milano<\/em><\/li>\n<\/ul>\n<p>I biglietti per le proiezioni a G\u00f6teborg sono acquistabili a <a href=\"https:\/\/www.filminstitutet.se\/sv\/se-och-samtala-om-film\/Cinemateket-Goteborg\/serier\/?serieId=2665&amp;cityId=2\">questo link<\/a>.<\/p>\n<p><strong>Malm\u00f6<\/strong><\/p>\n<ul>\n<li>13 maggio, ore 18 &#8211;\u00a0<em>Miracolo a Milano<\/em><\/li>\n<\/ul>\n<p>I biglietti per la proiezione a Malm\u00f6 sono acquistabili a <a href=\"https:\/\/www.filminstitutet.se\/sv\/se-och-samtala-om-film\/Cinemateket-Malmo\/filmer\/?filmId=13881&amp;cityId=3\">questo link<\/a>.<\/p>\n","protected":false},"excerpt":{"rendered":"L\u2019Istituto Italiano di Cultura di Stoccolma continua la sua collaborazione con\u00a0Cinemateket\u00a0per portare sul grande schermo film dei pi\u00f9 noti e amati registi italiani. A partire da febbraio e fino ad aprile 2025 Bio Victor ospiter\u00e0 la retrospettiva su\u00a0Vittorio De Sica. Verranno inoltre organizzate delle proiezioni a G\u00f6teborg e a Malm\u00f6. Vittorio De Sica (1901-1974) \u00e8 [&hellip;]","protected":false},"author":8,"featured_media":43823,"comment_status":"closed","ping_status":"closed","sticky":false,"template":"","format":"standard","meta":{"footnotes":""},"tags":[],"class_list":["post-43822","post","type-post","status-publish","format-standard","has-post-thumbnail","hentry"],"_links":{"self":[{"href":"https:\/\/iicstoccolma.esteri.it\/it\/wp-json\/wp\/v2\/posts\/43822","targetHints":{"allow":["GET"]}}],"collection":[{"href":"https:\/\/iicstoccolma.esteri.it\/it\/wp-json\/wp\/v2\/posts"}],"about":[{"href":"https:\/\/iicstoccolma.esteri.it\/it\/wp-json\/wp\/v2\/types\/post"}],"author":[{"embeddable":true,"href":"https:\/\/iicstoccolma.esteri.it\/it\/wp-json\/wp\/v2\/users\/8"}],"replies":[{"embeddable":true,"href":"https:\/\/iicstoccolma.esteri.it\/it\/wp-json\/wp\/v2\/comments?post=43822"}],"version-history":[{"count":3,"href":"https:\/\/iicstoccolma.esteri.it\/it\/wp-json\/wp\/v2\/posts\/43822\/revisions"}],"predecessor-version":[{"id":45130,"href":"https:\/\/iicstoccolma.esteri.it\/it\/wp-json\/wp\/v2\/posts\/43822\/revisions\/45130"}],"wp:featuredmedia":[{"embeddable":true,"href":"https:\/\/iicstoccolma.esteri.it\/it\/wp-json\/wp\/v2\/media\/43823"}],"wp:attachment":[{"href":"https:\/\/iicstoccolma.esteri.it\/it\/wp-json\/wp\/v2\/media?parent=43822"}],"wp:term":[{"taxonomy":"post_tag","embeddable":true,"href":"https:\/\/iicstoccolma.esteri.it\/it\/wp-json\/wp\/v2\/tags?post=43822"}],"curies":[{"name":"wp","href":"https:\/\/api.w.org\/{rel}","templated":true}]}}